{"id":4297,"date":"2025-11-10T16:37:21","date_gmt":"2025-11-10T15:37:21","guid":{"rendered":"http:\/\/noelino.eu\/?p=4297"},"modified":"2025-11-13T18:17:24","modified_gmt":"2025-11-13T17:17:24","slug":"noelino-challenge-nyeremenyjatek","status":"publish","type":"post","link":"https:\/\/noelino.eu\/hu\/noelino-challenge-nyeremenyjatek\/","title":{"rendered":"\u201eNOELINO CHALLENGE\u201d nyerem\u00e9nyj\u00e1t\u00e9k"},"content":{"rendered":"<h3>J\u00c1T\u00c9KSZAB\u00c1LYZAT<\/h3>\n<p>A NOELINO Bt. (sz\u00e9khely: 1137 Budapest, Radn\u00f3ti Mikl\u00f3s utca 17., a tov\u00e1bbiakban: Szervez\u0151 \u00e9s Lebonyol\u00edt\u00f3)<br \/>\nnyerem\u00e9nyj\u00e1t\u00e9kot (tov\u00e1bbiakban: \u201eJ\u00e1t\u00e9k\u201d) hirdet meg Instagram fel\u00fcleten.<\/p>\n<h3>2) A j\u00e1t\u00e9kban r\u00e9szt vev\u0151 szem\u00e9lyek<\/h3>\n<p>A J\u00e1t\u00e9kban r\u00e9szt vehet minden term\u00e9szetes szem\u00e9ly, aki a j\u00e1t\u00e9k teljes id\u0151tartama alatt akt\u00edv Instagram fi\u00f3kkal rendelkezik, mely saj\u00e1t, val\u00f3di szem\u00e9lyre regisztr\u00e1lt.<\/p>\n<p>A J\u00e1t\u00e9kban nem vehetnek r\u00e9szt a Szervez\u0151 alkalmazottai, k\u00f6zeli hozz\u00e1tartoz\u00f3ik, illetve mindazok akik a j\u00e1t\u00e9k b\u00e1rmely f\u00e1zis\u00e1ban k\u00f6zvetlen\u00fcl k\u00f6zrem\u0171k\u00f6dnek (Ptk. 8:1.\u00a7 (1) bek. 2. pont).<\/p>\n<p>A r\u00e9szv\u00e9tel \u00f6nk\u00e9ntes, a J\u00e1t\u00e9kban val\u00f3 r\u00e9szv\u00e9tellel a J\u00e1t\u00e9kos a jelen J\u00e1t\u00e9kszab\u00e1lyzatot marad\u00e9ktalanul elfogadja.<\/p>\n<h3>3) A j\u00e1t\u00e9k id\u0151tartama<\/h3>\n<p>A j\u00e1t\u00e9k 2025. december 20. 23:59-ig tart.<br \/>\nEredm\u00e9nyhirdet\u00e9s: 2025. december 23.<\/p>\n<h3>4) A J\u00e1t\u00e9k le\u00edr\u00e1sa<\/h3>\n<p>A J\u00e1t\u00e9k fel\u00fclete az Instagram.<br \/>\nA J\u00e1t\u00e9kosok a \u201eNOELINO CHALLENGE\u201d felh\u00edv\u00e1sban megjel\u00f6lt m\u00f3don vesznek r\u00e9szt.<\/p>\n<p>A J\u00e1t\u00e9khoz az al\u00e1bbi felt\u00e9telek teljes\u00edt\u00e9se <strong>k\u00f6telez\u0151<\/strong>:<\/p>\n<ol>\n<li>k\u00f6vesse be a @noelino_dance_couture \u00e9s @noelino_practice_wear Instagram oldalakat<\/li>\n<li>k\u00e9sz\u00edtsen egy legal\u00e1bb 30 m\u00e1sodperces, de legfeljebb 60 m\u00e1sodperces vide\u00f3t<\/li>\n<li>a vide\u00f3n a J\u00e1t\u00e9kosnak NOELINO PRACTICE WEAR gyakorl\u00f3 ruh\u00e1t kell viselnie<\/li>\n<li>a vide\u00f3t a saj\u00e1t Instagram profilj\u00e1n kell k\u00f6zz\u00e9tennie<\/li>\n<li>a vide\u00f3 alatti sz\u00f6vegben a #NOELINOCHALLENGE hashtag szerepeljen<\/li>\n<li>k\u00fcldje el a vide\u00f3j\u00e1t a dance@noelino.eu email c\u00edmre, hogy a Szervez\u0151 azt meg tudja n\u00e9zni<\/li>\n<\/ol>\n<p>A fenti felt\u00e9telek b\u00e1rmelyik\u00e9nek hi\u00e1nya automatikus kiz\u00e1r\u00e1st von maga ut\u00e1n.<\/p>\n<h3>5) A nyerem\u00e9ny<\/h3>\n<p>1 db, brutt\u00f3 500.000 Ft \u00e9rt\u00e9k\u0171 NOELINO DANCE COUTURE v\u00e1s\u00e1rl\u00e1si utalv\u00e1ny, amely kiz\u00e1r\u00f3lag NOELINO DANCE COUTURE versenyt\u00e1nc ruhadarab v\u00e1s\u00e1rl\u00e1s\u00e1ra haszn\u00e1lhat\u00f3 fel.<\/p>\n<p>A nyerem\u00e9ny k\u00e9szp\u00e9nzre nem v\u00e1lthat\u00f3.<\/p>\n<h3>6) A nyertes meg\u00e1llap\u00edt\u00e1sa<\/h3>\n<p>A J\u00e1t\u00e9kban <strong>nem sorsol\u00e1s<\/strong> \u00fatj\u00e1n ker\u00fcl kiv\u00e1laszt\u00e1sra a nyertes.<br \/>\nA nyertes kijel\u00f6l\u00e9se zs\u0171ri \u00e1ltal t\u00f6rt\u00e9nik.<\/p>\n<p>Zs\u0171ri tagok:<\/p>\n<ul>\n<li>Liptai Claudia \u2013 sz\u00ednm\u0171v\u00e9szn\u0151<\/li>\n<li>Szab\u00f3 Anik\u00f3 \u2013 vezet\u0151 koreogr\u00e1fus<\/li>\n<li>Kiss M\u00e1rk \u2013 stylist<\/li>\n<\/ul>\n<p>A J\u00e1t\u00e9kos tudom\u00e1sul veszi, hogy a zs\u0171ri d\u00f6nt\u00e9se v\u00e9gleges, ellene jogorvoslatnak helye nincs.<\/p>\n<h3>7) A nyertes \u00e9rtes\u00edt\u00e9se<\/h3>\n<p>A Szervez\u0151 2025. december 23-\u00e1n Instagram posztban \u00e9s\/vagy story form\u00e1ban teszi k\u00f6zz\u00e9 a nyertes nev\u00e9t \/ Instagram felhaszn\u00e1l\u00f3nev\u00e9t.<\/p>\n<p>A nyertesnek az \u00e9rtes\u00edt\u00e9st k\u00f6vet\u0151 10 napon bel\u00fcl priv\u00e1t \u00fczenetben jelentkeznie kell, \u00e9s megadni nev\u00e9t, telefonsz\u00e1m\u00e1t, illetve azt a sz\u00e1ll\u00edt\u00e1si vagy \u00e1tv\u00e9teli c\u00edmet, ahol a nyerem\u00e9ny \u00e1tv\u00e9tele biztos\u00edthat\u00f3. Amennyiben a nyertes nem jelentkezik a fenti hat\u00e1rid\u0151n bel\u00fcl, a nyerem\u00e9nyt elvesz\u00edti.<\/p>\n<h3>8) Visszavon\u00e1s<\/h3>\n<p>A J\u00e1t\u00e9kos a J\u00e1t\u00e9k id\u0151tartama alatt a nevez\u00e9st visszavonhatja a poszt t\u00f6rl\u00e9s\u00e9vel, vagy a Szervez\u0151nek Instagram priv\u00e1t \u00fczenetben k\u00fcld\u00f6tt leiratkoz\u00f3 \u00fczenettel. Ebben az esetben a J\u00e1t\u00e9kban m\u00e1r nem vesz r\u00e9szt.<\/p>\n<h3>9) Kiz\u00e1r\u00e1s<\/h3>\n<p>A Szervez\u0151 fenntartja a jogot a J\u00e1t\u00e9kos kiz\u00e1r\u00e1s\u00e1ra, indokl\u00e1s n\u00e9lk\u00fcl is, amennyiben a J\u00e1t\u00e9kos megszegi a J\u00e1t\u00e9kszab\u00e1lyzatot, vagy a megjelen\u00edtett tartalma:<\/p>\n<ul>\n<li>politikai, rasszista, vall\u00e1si, faji, vagy b\u00e1rmilyen m\u00f3don diszkriminat\u00edv<\/li>\n<li>f\u00e9lelmet kelt\u0151, gy\u0171l\u00f6letkelt\u0151<\/li>\n<li>pornogr\u00e1f vagy obszc\u00e9n<\/li>\n<li>jogs\u00e9rt\u0151 vagy arra buzd\u00edt\u00f3<\/li>\n<li>szerz\u0151i jogot s\u00e9rt\u0151<\/li>\n<li>vagy egy\u00e9b m\u00f3don s\u00e9rti a Szervez\u0151 j\u00f3 h\u00edrnev\u00e9t<\/li>\n<\/ul>\n<h3>10) Kommunik\u00e1ci\u00f3<\/h3>\n<p>A J\u00e1t\u00e9k fel\u00fclet\u00e9n megjelen\u00edtett s\u00e9rt\u0151, tr\u00e1g\u00e1r, negat\u00edv tartalom t\u00f6rl\u00e9sre ker\u00fcl. A szab\u00e1lyokra vonatkoz\u00f3 k\u00e9rd\u00e9st a J\u00e1t\u00e9kos Instagram priv\u00e1t \u00fczenetben int\u00e9zheti.<\/p>\n<h3>11) Ad\u00f3z\u00e1s<\/h3>\n<p>A nyerem\u00e9nyhez kapcsol\u00f3d\u00f3 ad\u00f3- \u00e9s j\u00e1rul\u00e9kterheket a Szervez\u0151 viseli.<br \/>\nA nyerem\u00e9ny \u00e1tad\u00e1s\u00e1val kapcsolatos egy\u00e9b k\u00f6lts\u00e9gek a J\u00e1t\u00e9kost terhelik.<\/p>\n<h3>12) Adatkezel\u00e9s<\/h3>\n<p>A szem\u00e9lyes adatokat a Szervez\u0151 kiz\u00e1r\u00f3lag a J\u00e1t\u00e9k lebonyol\u00edt\u00e1sa, a nyertes azonos\u00edt\u00e1sa \u00e9s a nyerem\u00e9ny \u00e1tad\u00e1sa c\u00e9lj\u00e1b\u00f3l kezeli, az inform\u00e1ci\u00f3s \u00f6nrendelkez\u00e9si jogr\u00f3l \u00e9s inform\u00e1ci\u00f3szabads\u00e1gr\u00f3l sz\u00f3l\u00f3 2011. \u00e9vi CXII. t\u00f6rv\u00e9ny szerint.<\/p>\n<p>A J\u00e1t\u00e9kos az adatkezel\u00e9shez a J\u00e1t\u00e9kban val\u00f3 r\u00e9szv\u00e9tellel hozz\u00e1j\u00e1rul.<\/p>\n<h3>13) Felel\u0151ss\u00e9g kiz\u00e1r\u00e1sa<\/h3>\n<p>A J\u00e1t\u00e9k semmilyen m\u00f3don nem \u00e1ll kapcsolatban az Instagrammal, nem az Instagram szponzor\u00e1lja, t\u00e1mogatja vagy adminisztr\u00e1lja. A J\u00e1t\u00e9kos az Instagramb\u00f3l ered\u0151 panasszal az Instagram fel\u00e9 ig\u00e9nyt nem t\u00e1maszthat. Az adatszolg\u00e1ltat\u00e1s a Szervez\u0151 r\u00e9sz\u00e9re t\u00f6rt\u00e9nik.<\/p>\n<p>A Szervez\u0151 nem v\u00e1llal felel\u0151ss\u00e9get technikai hib\u00e1kb\u00f3l ered\u0151 esetleges probl\u00e9m\u00e1k\u00e9rt, k\u00e9sedelem\u00e9rt, el\u00e9rhetetlens\u00e9g\u00e9rt.<\/p>\n<h3>14) Egy\u00e9b<\/h3>\n<p>A Szervez\u0151 fenntartja a jogot, hogy a jelen J\u00e1t\u00e9kszab\u00e1lyzatot b\u00e1rmikor m\u00f3dos\u00edtsa.<\/p>\n<p style=\"text-align: right;\"><strong>2025. november 1.<\/strong><\/p>","protected":false},"excerpt":{"rendered":"<p>J\u00c1T\u00c9KSZAB\u00c1LYZAT A NOELINO Bt. (sz\u00e9khely: 1137 Budapest, Radn\u00f3ti Mikl\u00f3s utca 17., a tov\u00e1bbiakban: Szervez\u0151 \u00e9s Lebonyol\u00edt\u00f3) nyerem\u00e9nyj\u00e1t\u00e9kot (tov\u00e1bbiakban: \u201eJ\u00e1t\u00e9k\u201d) hirdet meg Instagram fel\u00fcleten. 2) A j\u00e1t\u00e9kban r\u00e9szt vev\u0151 szem\u00e9lyek A [&hellip;]<\/p>","protected":false},"author":1,"featured_media":0,"comment_status":"open","ping_status":"open","sticky":false,"template":"","format":"aside","meta":{"_surecart_dashboard_logo_width":"180px","_surecart_dashboard_show_logo":true,"_surecart_dashboard_navigation_orders":true,"_surecart_dashboard_navigation_subscriptions":true,"_surecart_dashboard_navigation_downloads":true,"_surecart_dashboard_navigation_billing":true,"_surecart_dashboard_navigation_account":true,"footnotes":""},"categories":[82],"tags":[],"class_list":["post-4297","post","type-post","status-publish","format-aside","hentry","category-jatekszabalyzat","post_format-post-format-aside"],"_links":{"self":[{"href":"https:\/\/noelino.eu\/hu\/wp-json\/wp\/v2\/posts\/4297","targetHints":{"allow":["GET"]}}],"collection":[{"href":"https:\/\/noelino.eu\/hu\/wp-json\/wp\/v2\/posts"}],"about":[{"href":"https:\/\/noelino.eu\/hu\/wp-json\/wp\/v2\/types\/post"}],"author":[{"embeddable":true,"href":"https:\/\/noelino.eu\/hu\/wp-json\/wp\/v2\/users\/1"}],"replies":[{"embeddable":true,"href":"https:\/\/noelino.eu\/hu\/wp-json\/wp\/v2\/comments?post=4297"}],"version-history":[{"count":8,"href":"https:\/\/noelino.eu\/hu\/wp-json\/wp\/v2\/posts\/4297\/revisions"}],"predecessor-version":[{"id":4309,"href":"https:\/\/noelino.eu\/hu\/wp-json\/wp\/v2\/posts\/4297\/revisions\/4309"}],"wp:attachment":[{"href":"https:\/\/noelino.eu\/hu\/wp-json\/wp\/v2\/media?parent=4297"}],"wp:term":[{"taxonomy":"category","embeddable":true,"href":"https:\/\/noelino.eu\/hu\/wp-json\/wp\/v2\/categories?post=4297"},{"taxonomy":"post_tag","embeddable":true,"href":"https:\/\/noelino.eu\/hu\/wp-json\/wp\/v2\/tags?post=4297"}],"curies":[{"name":"wp","href":"https:\/\/api.w.org\/{rel}","templated":true}]}}